{"id":1513,"date":"2019-11-30T20:27:10","date_gmt":"2019-11-30T19:27:10","guid":{"rendered":"http:\/\/www.devtal.de\/blog\/?p=1513"},"modified":"2019-11-30T20:27:12","modified_gmt":"2019-11-30T19:27:12","slug":"kein-reparaturcafe-am-01-12-2019","status":"publish","type":"post","link":"https:\/\/www.devtal.de\/blog\/2019\/11\/30\/kein-reparaturcafe-am-01-12-2019\/","title":{"rendered":"Kein Reparaturcaf\u00e9 am 01.12.2019"},"content":{"rendered":"\n<p>Leider haben wir kurz vor dem morgigen Termin des Reparaturcaf\u00e9 festellen m\u00fcssen, dass diesmal leider die meisten unserer regelm\u00e4\u00dfigen Helfer anderweitig eingebunden sind und es deshalb diesmal nicht stattfinden kann.<\/p>\n\n\n\n<p>Wir w\u00fcnschen allen einen sch\u00f6nen ersten Advent und einen guten Jahresausklang.<br><\/p>\n\n\n\n<p>Das n\u00e4chste Reparaturcaf\u00e9 findet dann am 05.01.2020 wie gewohnt statt und wir freuen uns auf euren Besuch.<\/p>\n","protected":false},"excerpt":{"rendered":"<p>Leider haben wir kurz vor dem morgigen Termin des Reparaturcaf\u00e9 festellen m\u00fcssen, dass diesmal leider die meisten unserer regelm\u00e4\u00dfigen Helfer anderweitig eingebunden sind und es deshalb diesmal nicht stattfinden kann. Wir w\u00fcnschen allen einen sch\u00f6nen ersten Advent und einen guten &hellip; <a href=\"https:\/\/www.devtal.de\/blog\/2019\/11\/30\/kein-reparaturcafe-am-01-12-2019\/\">Weiterlesen <span class=\"meta-nav\">&rarr;<\/span><\/a><\/p>\n","protected":false},"author":46,"featured_media":0,"comment_status":"open","ping_status":"closed","sticky":false,"template":"","format":"standard","meta":{"footnotes":""},"categories":[1],"tags":[],"class_list":["post-1513","post","type-post","status-publish","format-standard","hentry","category-devtal"],"_links":{"self":[{"href":"https:\/\/www.devtal.de\/blog\/wp-json\/wp\/v2\/posts\/1513","targetHints":{"allow":["GET"]}}],"collection":[{"href":"https:\/\/www.devtal.de\/blog\/wp-json\/wp\/v2\/posts"}],"about":[{"href":"https:\/\/www.devtal.de\/blog\/wp-json\/wp\/v2\/types\/post"}],"author":[{"embeddable":true,"href":"https:\/\/www.devtal.de\/blog\/wp-json\/wp\/v2\/users\/46"}],"replies":[{"embeddable":true,"href":"https:\/\/www.devtal.de\/blog\/wp-json\/wp\/v2\/comments?post=1513"}],"version-history":[{"count":3,"href":"https:\/\/www.devtal.de\/blog\/wp-json\/wp\/v2\/posts\/1513\/revisions"}],"predecessor-version":[{"id":1516,"href":"https:\/\/www.devtal.de\/blog\/wp-json\/wp\/v2\/posts\/1513\/revisions\/1516"}],"wp:attachment":[{"href":"https:\/\/www.devtal.de\/blog\/wp-json\/wp\/v2\/media?parent=1513"}],"wp:term":[{"taxonomy":"category","embeddable":true,"href":"https:\/\/www.devtal.de\/blog\/wp-json\/wp\/v2\/categories?post=1513"},{"taxonomy":"post_tag","embeddable":true,"href":"https:\/\/www.devtal.de\/blog\/wp-json\/wp\/v2\/tags?post=1513"}],"curies":[{"name":"wp","href":"https:\/\/api.w.org\/{rel}","templated":true}]}}