{"id":1768,"date":"2023-03-30T23:47:51","date_gmt":"2023-03-30T21:47:51","guid":{"rendered":"https:\/\/www.devtal.de\/blog\/?p=1768"},"modified":"2023-03-30T23:47:51","modified_gmt":"2023-03-30T21:47:51","slug":"tag-der-offenen-tuer-in-utopiastadt-reparatur-cafe","status":"publish","type":"post","link":"https:\/\/www.devtal.de\/blog\/2023\/03\/30\/tag-der-offenen-tuer-in-utopiastadt-reparatur-cafe\/","title":{"rendered":"Tag der offenen T\u00fcr in Utopiastadt: Reparatur-Caf\u00e9"},"content":{"rendered":"<p>am Samstag, den 01.04.2023 ab 15 Uhr werden wir einmalig anl\u00e4sslich des <a href=\"https:\/\/www.utopiastadt.eu\/save-the-date-tag-der-offenen-tuer-in-utopiastadt\/\">Tages der offenen T\u00fcr in Utopiastadt<\/a> unser Elektro-Reparatur-Caf\u00e9 wieder \u00f6ffnen. Regul\u00e4r wird der Termin wieder, wie gehabt, jeden ersten Sonntag im Monat statt finden und zwar sobald die Einrichtung unserer Elektronik-Werkstatt dies zul\u00e4sst. Ob das ab Mai 2023 wieder der Fall sein wird, k\u00f6nnen wir noch nicht sagen, da es f\u00fcr uns bei der Einrichtung unserer neuen R\u00e4umlichkeiten noch viel zu tun gibt. Eine Ank\u00fcndigung der regul\u00e4ren Termine wird folgen.<\/p>\n<p>Wir befinden uns ab jetzt im Nachbargeb\u00e4ude zum bisherigen Veranstaltungsort: der &#8222;Gep\u00e4ckabfertigung&#8220;, dem Backsteingeb\u00e4ude an der Auffahrt zur Trasse in Utopiastadt, dem ehemaligen Bahnhof Wuppertal-Mirke, Mirker Stra\u00dfe 48a. Der Eingang befindet sich am Samstag auf der Geb\u00e4udeseite zur Nordbahntrasse.<\/p>\n<p>Wie \u00fcblich werden wir im Reparatur-Caf\u00e9 Hilfe zur Selbsthilfe anbieten, also versuchen uns gegenseitig dabei zu unterst\u00fctzen, die mitgebrachten &#8222;Patienten&#8220; wieder zum funktionieren zu bringen. Vom Aufschrauben \u00fcber die Diagnose bis hin zum L\u00f6ten und zur Suche nach Ersatzteilen versuchen wir gemeinsam eine L\u00f6sung zu finden. Auch wer noch nie einen L\u00f6tkolben in der Hand hatte, bekommt die entsprechende Hilfe. Angesichts des \u00fcblicherweise hohen Andranges k\u00f6nnen wir nat\u00fcrlich keine anspruchsvolle Reparatur &#8222;garantieren&#8220;, aber wir versuchen alle zusammen unser Bestes euch zu helfen. Dabei kann man viel Spa\u00df haben, Erfahrung und Wissen sammeln &#8230; und manchmal auch am Ende ein funktionierendes Ger\u00e4t nach Hause tragen.<\/p>\n","protected":false},"excerpt":{"rendered":"<p>am Samstag, den 01.04.2023 ab 15 Uhr werden wir einmalig anl\u00e4sslich des Tages der offenen T\u00fcr in Utopiastadt unser Elektro-Reparatur-Caf\u00e9 wieder \u00f6ffnen. Regul\u00e4r wird der Termin wieder, wie gehabt, jeden ersten Sonntag im Monat statt finden und zwar sobald die &hellip; <a href=\"https:\/\/www.devtal.de\/blog\/2023\/03\/30\/tag-der-offenen-tuer-in-utopiastadt-reparatur-cafe\/\">Weiterlesen <span class=\"meta-nav\">&rarr;<\/span><\/a><\/p>\n","protected":false},"author":14,"featured_media":0,"comment_status":"open","ping_status":"closed","sticky":false,"template":"","format":"standard","meta":{"footnotes":""},"categories":[1],"tags":[71,70],"class_list":["post-1768","post","type-post","status-publish","format-standard","hentry","category-devtal","tag-elektronik","tag-reparatur-cafe"],"_links":{"self":[{"href":"https:\/\/www.devtal.de\/blog\/wp-json\/wp\/v2\/posts\/1768","targetHints":{"allow":["GET"]}}],"collection":[{"href":"https:\/\/www.devtal.de\/blog\/wp-json\/wp\/v2\/posts"}],"about":[{"href":"https:\/\/www.devtal.de\/blog\/wp-json\/wp\/v2\/types\/post"}],"author":[{"embeddable":true,"href":"https:\/\/www.devtal.de\/blog\/wp-json\/wp\/v2\/users\/14"}],"replies":[{"embeddable":true,"href":"https:\/\/www.devtal.de\/blog\/wp-json\/wp\/v2\/comments?post=1768"}],"version-history":[{"count":6,"href":"https:\/\/www.devtal.de\/blog\/wp-json\/wp\/v2\/posts\/1768\/revisions"}],"predecessor-version":[{"id":1776,"href":"https:\/\/www.devtal.de\/blog\/wp-json\/wp\/v2\/posts\/1768\/revisions\/1776"}],"wp:attachment":[{"href":"https:\/\/www.devtal.de\/blog\/wp-json\/wp\/v2\/media?parent=1768"}],"wp:term":[{"taxonomy":"category","embeddable":true,"href":"https:\/\/www.devtal.de\/blog\/wp-json\/wp\/v2\/categories?post=1768"},{"taxonomy":"post_tag","embeddable":true,"href":"https:\/\/www.devtal.de\/blog\/wp-json\/wp\/v2\/tags?post=1768"}],"curies":[{"name":"wp","href":"https:\/\/api.w.org\/{rel}","templated":true}]}}