{"id":1786,"date":"2023-05-02T11:40:54","date_gmt":"2023-05-02T09:40:54","guid":{"rendered":"https:\/\/www.devtal.de\/blog\/?p=1786"},"modified":"2023-05-02T11:40:54","modified_gmt":"2023-05-02T09:40:54","slug":"reparatur-cafe-im-mai","status":"publish","type":"post","link":"https:\/\/www.devtal.de\/blog\/2023\/05\/02\/reparatur-cafe-im-mai\/","title":{"rendered":"Reparatur-Caf\u00e9 im Mai"},"content":{"rendered":"\n<p>Am Sonntag den 07. Mai findet von 15:00 bis 18:00 Uhr wieder das Reparatur-Caf\u00e9 statt. Wie auch im letzten Monat wieder in den neuen R\u00e4umen in der Gep\u00e4ckabfertigung.<\/p>\n","protected":false},"excerpt":{"rendered":"<p>Am Sonntag den 07. Mai findet von 15:00 bis 18:00 Uhr wieder das Reparatur-Caf\u00e9 statt. Wie auch im letzten Monat wieder in den neuen R\u00e4umen in der Gep\u00e4ckabfertigung.<\/p>\n","protected":false},"author":50,"featured_media":0,"comment_status":"open","ping_status":"closed","sticky":false,"template":"","format":"standard","meta":{"footnotes":""},"categories":[1],"tags":[],"class_list":["post-1786","post","type-post","status-publish","format-standard","hentry","category-devtal"],"_links":{"self":[{"href":"https:\/\/www.devtal.de\/blog\/wp-json\/wp\/v2\/posts\/1786","targetHints":{"allow":["GET"]}}],"collection":[{"href":"https:\/\/www.devtal.de\/blog\/wp-json\/wp\/v2\/posts"}],"about":[{"href":"https:\/\/www.devtal.de\/blog\/wp-json\/wp\/v2\/types\/post"}],"author":[{"embeddable":true,"href":"https:\/\/www.devtal.de\/blog\/wp-json\/wp\/v2\/users\/50"}],"replies":[{"embeddable":true,"href":"https:\/\/www.devtal.de\/blog\/wp-json\/wp\/v2\/comments?post=1786"}],"version-history":[{"count":3,"href":"https:\/\/www.devtal.de\/blog\/wp-json\/wp\/v2\/posts\/1786\/revisions"}],"predecessor-version":[{"id":1789,"href":"https:\/\/www.devtal.de\/blog\/wp-json\/wp\/v2\/posts\/1786\/revisions\/1789"}],"wp:attachment":[{"href":"https:\/\/www.devtal.de\/blog\/wp-json\/wp\/v2\/media?parent=1786"}],"wp:term":[{"taxonomy":"category","embeddable":true,"href":"https:\/\/www.devtal.de\/blog\/wp-json\/wp\/v2\/categories?post=1786"},{"taxonomy":"post_tag","embeddable":true,"href":"https:\/\/www.devtal.de\/blog\/wp-json\/wp\/v2\/tags?post=1786"}],"curies":[{"name":"wp","href":"https:\/\/api.w.org\/{rel}","templated":true}]}}