{"id":573,"date":"2013-02-06T22:03:22","date_gmt":"2013-02-06T21:03:22","guid":{"rendered":"http:\/\/www.devtal.de\/blog\/?p=573"},"modified":"2013-02-06T22:03:22","modified_gmt":"2013-02-06T21:03:22","slug":"reparatur-cafe-22013","status":"publish","type":"post","link":"https:\/\/www.devtal.de\/blog\/2013\/02\/06\/reparatur-cafe-22013\/","title":{"rendered":"Reparatur Cafe 2|2013"},"content":{"rendered":"<p>Und wieder einmal war Monatsanfang und das \/dev\/tal \u00f6ffnete seine T\u00fcren und Tore f\u00fcr ein breites Publikum zum Reparatur Cafe.<\/p>\n<p>Nach der breiten und sehr positiven Berichterstattung im Januar, wurden wir dieses mal auch schon vor dem eigentlichen Beginn von Besuchern \u00fcberrascht. Zwischenzeitlich bildeten sich gar ausgewachsene Warteschlangen, die es anschlie\u00dfend abzuarbeiten galt.<\/p>\n<p>Bis nach 18:00 Uhr arbeiteten wir zusammen mit den Besuchern die &#8222;Problemger\u00e4te&#8220; ab. So mancher freute sich endlich mal wieder selbst ein Geh\u00e4use ge\u00f6ffnet zu haben oder eigens an einer Platine zu l\u00f6ten. In fast allen F\u00e4llen konnten wir vom L\u00fcfter und F\u00f6hn \u00fcber Fernseher und Notebook bis hin zum Radio und CD-Player die Ger\u00e4te erfolgreich wiederbeleben.<\/p>\n<p>Parallel hatten wir an dem Sonntag auch wieder einen netten Besuch von <a href=\"http:\/\/www.radiowuppertal.de\">Radio Wuppertal<\/a>. Den Bericht haben wir im Anhang verlinkt. Alles in allem hatten die zahlreichen Besucher und wir viel Spass beim fachsimpeln und basteln. Das n\u00e4chste Reparatur Cafe findet entsprechend am 3. M\u00e4rz statt.<\/p>\n<p><a href=\"http:\/\/www.devtal.de\/blog\/wp-content\/uploads\/2013\/02\/Reparatur-Caf\u00e9.mp3\">Bericht Radio Wuppertal<\/a><\/p>\n","protected":false},"excerpt":{"rendered":"<p>Und wieder einmal war Monatsanfang und das \/dev\/tal \u00f6ffnete seine T\u00fcren und Tore f\u00fcr ein breites Publikum zum Reparatur Cafe. Nach der breiten und sehr positiven Berichterstattung im Januar, wurden wir dieses mal auch schon vor dem eigentlichen Beginn von &hellip; <a href=\"https:\/\/www.devtal.de\/blog\/2013\/02\/06\/reparatur-cafe-22013\/\">Weiterlesen <span class=\"meta-nav\">&rarr;<\/span><\/a><\/p>\n","protected":false},"author":18,"featured_media":0,"comment_status":"open","ping_status":"open","sticky":false,"template":"","format":"standard","meta":{"footnotes":""},"categories":[1],"tags":[],"class_list":["post-573","post","type-post","status-publish","format-standard","hentry","category-devtal"],"_links":{"self":[{"href":"https:\/\/www.devtal.de\/blog\/wp-json\/wp\/v2\/posts\/573","targetHints":{"allow":["GET"]}}],"collection":[{"href":"https:\/\/www.devtal.de\/blog\/wp-json\/wp\/v2\/posts"}],"about":[{"href":"https:\/\/www.devtal.de\/blog\/wp-json\/wp\/v2\/types\/post"}],"author":[{"embeddable":true,"href":"https:\/\/www.devtal.de\/blog\/wp-json\/wp\/v2\/users\/18"}],"replies":[{"embeddable":true,"href":"https:\/\/www.devtal.de\/blog\/wp-json\/wp\/v2\/comments?post=573"}],"version-history":[{"count":0,"href":"https:\/\/www.devtal.de\/blog\/wp-json\/wp\/v2\/posts\/573\/revisions"}],"wp:attachment":[{"href":"https:\/\/www.devtal.de\/blog\/wp-json\/wp\/v2\/media?parent=573"}],"wp:term":[{"taxonomy":"category","embeddable":true,"href":"https:\/\/www.devtal.de\/blog\/wp-json\/wp\/v2\/categories?post=573"},{"taxonomy":"post_tag","embeddable":true,"href":"https:\/\/www.devtal.de\/blog\/wp-json\/wp\/v2\/tags?post=573"}],"curies":[{"name":"wp","href":"https:\/\/api.w.org\/{rel}","templated":true}]}}